{"id":1472,"date":"2024-11-04T10:57:49","date_gmt":"2024-11-04T03:57:49","guid":{"rendered":"https:\/\/haniff.vn\/en\/?p=1472"},"modified":"2024-11-04T10:57:49","modified_gmt":"2024-11-04T03:57:49","slug":"aspiration-to-the-sky","status":"publish","type":"post","link":"https:\/\/haniff.vn\/en\/aspiration-to-the-sky\/","title":{"rendered":"Aspiration To The Sky"},"content":{"rendered":"<p><strong><img loading=\"lazy\" class=\"alignnone size-full wp-image-1474\" src=\"https:\/\/haniff.vn\/en\/wp-content\/uploads\/2024\/11\/KVTT-1_12_1971-trung-doan-KQ-927-thanh-lap-trang-bi-may-bay-Mig21-noi-trung-tuong-Nguyen-Duc-Soat-hoc-tap-truong-thanh.png\" alt=\"Kvtt 1 12 1971 Trung \u0111o\u00e0n Kq 927 Th\u00e0nh L\u1eadp, Trang B\u1ecb M\u00e1y Bay Mig21, N\u01a1i Trung T\u01b0\u1edbng Nguy\u1ec5n \u0110\u1ee9c So\u00e1t H\u1ecdc T\u1eadp, Tr\u01b0\u1edfng Th\u00e0nh\" width=\"1920\" height=\"1080\" \/>Short Film\/<\/strong>Viet Nam\/ 28 min\/2022<\/p>\n<hr \/>\n<p><strong>Director:<\/strong> Nguy\u1ec5n Di\u1ec7u Hoa<\/p>\n<p><strong>Screenwriter:<\/strong> B\u1ea1ch Ho\u00e0ng \u0110\u1ea1t, Nguy\u1ec5n Mai Anh<\/p>\n<p><strong>Director of Photography:<\/strong> Ph\u1ea1m C\u00f4ng Tr\u00ecnh, B\u00f9i V\u0103n Tr\u01b0\u1eddng<\/p>\n<p><strong>Nha\u0300 sa\u0309n xu\u1ea5t\/Production: <\/strong>People\u2019s Army Cinema<\/p>\n<p><strong>Music Composer:<\/strong> Tr\u1ea7n T\u00f9ng<\/p>\n<p><strong>Sound:<\/strong> \u0110\u00e0o Th\u1ecb H\u1eb1ng<\/p>\n<p><strong>Film Editor<\/strong>: Ph\u1ea1m Qu\u1ef3nh Anh\/ Pham Quynh Anh<\/p>\n<p><strong>Synopsis:<\/strong><\/p>\n<p>The aspiration for peace and the desire to protect the tranquility of the homeland\u2019s skies have been passed down from the golden generation of fighter pilots, represented by Lieutenant General Nguy\u1ec5n \u0110\u1ee9c So\u00e1t, to the young pilots of today. This aspiration is referred to by fighter pilots as the \u201cAspiration to the Sky.\u201d In the face of adversity, the noble qualities of soldiers who hold this aspiration shine even brighter.<\/p>\n<p><strong>Director\u2019s biography:<\/strong><\/p>\n<p><img loading=\"lazy\" class=\" wp-image-1473 alignleft\" src=\"https:\/\/haniff.vn\/en\/wp-content\/uploads\/2024\/11\/5.-KVTT_-Anh-Dao-dien-Nguyen-Dieu-Hoa.jpg\" alt=\"5. Kvtt \u1ea2nh \u0110\u1ea1o Di\u1ec5n Nguy\u1ec5n Di\u1ec7u Hoa\" width=\"165\" height=\"1228\" \/>Director Nguyen Dieu Hoa, born in 1992, holds a master\u2019s degree in Film and Television Arts from Hanoi Academy of Theater and Cinema. Her films include <em>Green Sprout of Fire Land, Pain of Agent Orange<\/em>, and<em> Aspiration to the Sky<\/em>\u2026<\/p>\n","protected":false},"excerpt":{"rendered":"<p>Short Film\/Viet Nam\/ 28 min\/2022 Director: Nguy\u1ec5n Di\u1ec7u Hoa Screenwriter: B\u1ea1ch Ho\u00e0ng \u0110\u1ea1t, Nguy\u1ec5n Mai Anh Director of Photography: Ph\u1ea1m C\u00f4ng Tr\u00ecnh, B\u00f9i V\u0103n Tr\u01b0\u1eddng Nha\u0300 sa\u0309n xu\u1ea5t\/Production: People\u2019s Army Cinema Music Composer: Tr\u1ea7n T\u00f9ng Sound: \u0110\u00e0o Th\u1ecb H\u1eb1ng Film Editor: Ph\u1ea1m Qu\u1ef3nh Anh\/ Pham Quynh Anh Synopsis: The aspiration for peace and the desire&#8230;<\/p>\n","protected":false},"author":3,"featured_media":1474,"comment_status":"closed","ping_status":"closed","sticky":false,"template":"","format":"standard","meta":[],"categories":[47,49],"tags":[],"acf":[],"yoast_head":"<!-- This site is optimized with the Yoast SEO plugin v18.8 - https:\/\/yoast.com\/wordpress\/plugins\/seo\/ -->\n<title>Aspiration To The Sky - Li\u00ean hoan Phim qu\u00f4\u0301c t\u00ea\u0301 Ha\u0300 N\u00f4\u0323i<\/title>\n<meta name=\"robots\" content=\"index, follow, max-snippet:-1, max-image-preview:large, max-video-preview:-1\" \/>\n<link rel=\"canonical\" href=\"https:\/\/haniff.vn\/en\/aspiration-to-the-sky\/\" \/>\n<meta property=\"og:locale\" content=\"en_US\" \/>\n<meta property=\"og:type\" content=\"article\" \/>\n<meta property=\"og:title\" content=\"Aspiration To The Sky - Li\u00ean hoan Phim qu\u00f4\u0301c t\u00ea\u0301 Ha\u0300 N\u00f4\u0323i\" \/>\n<meta property=\"og:description\" content=\"Short Film\/Viet Nam\/ 28 min\/2022 Director: Nguy\u1ec5n Di\u1ec7u Hoa Screenwriter: B\u1ea1ch Ho\u00e0ng \u0110\u1ea1t, Nguy\u1ec5n Mai Anh Director of Photography: Ph\u1ea1m C\u00f4ng Tr\u00ecnh, B\u00f9i V\u0103n Tr\u01b0\u1eddng Nha\u0300 sa\u0309n xu\u1ea5t\/Production: People\u2019s Army Cinema Music Composer: Tr\u1ea7n T\u00f9ng Sound: \u0110\u00e0o Th\u1ecb H\u1eb1ng Film Editor: Ph\u1ea1m Qu\u1ef3nh Anh\/ Pham Quynh Anh Synopsis: The aspiration for peace and the desire...\" \/>\n<meta property=\"og:url\" content=\"https:\/\/haniff.vn\/en\/aspiration-to-the-sky\/\" \/>\n<meta property=\"og:site_name\" content=\"Li\u00ean hoan Phim qu\u00f4\u0301c t\u00ea\u0301 Ha\u0300 N\u00f4\u0323i\" \/>\n<meta property=\"article:published_time\" content=\"2024-11-04T03:57:49+00:00\" \/>\n<meta name=\"twitter:card\" content=\"summary_large_image\" \/>\n<meta name=\"twitter:image\" content=\"https:\/\/haniff.vn\/en\/wp-content\/uploads\/2024\/11\/KVTT-1_12_1971-trung-doan-KQ-927-thanh-lap-trang-bi-may-bay-Mig21-noi-trung-tuong-Nguyen-Duc-Soat-hoc-tap-truong-thanh.png\" \/>\n<meta name=\"twitter:label1\" content=\"Written by\" \/>\n\t<meta name=\"twitter:data1\" content=\"quanly\" \/>\n\t<meta name=\"twitter:label2\" content=\"Est. reading time\" \/>\n\t<meta name=\"twitter:data2\" content=\"1 minute\" \/>\n<script type=\"application\/ld+json\" class=\"yoast-schema-graph\">{\"@context\":\"https:\/\/schema.org\",\"@graph\":[{\"@type\":\"WebSite\",\"@id\":\"https:\/\/haniff.vn\/en\/#website\",\"url\":\"https:\/\/haniff.vn\/en\/\",\"name\":\"Li\u00ean hoan Phim qu\u00f4\u0301c t\u00ea\u0301 Ha\u0300 N\u00f4\u0323i\",\"description\":\"\",\"potentialAction\":[{\"@type\":\"SearchAction\",\"target\":{\"@type\":\"EntryPoint\",\"urlTemplate\":\"https:\/\/haniff.vn\/en\/?s={search_term_string}\"},\"query-input\":\"required name=search_term_string\"}],\"inLanguage\":\"en-US\"},{\"@type\":\"ImageObject\",\"inLanguage\":\"en-US\",\"@id\":\"https:\/\/haniff.vn\/en\/aspiration-to-the-sky\/#primaryimage\",\"url\":\"https:\/\/haniff.vn\/en\/wp-content\/uploads\/2024\/11\/KVTT-1_12_1971-trung-doan-KQ-927-thanh-lap-trang-bi-may-bay-Mig21-noi-trung-tuong-Nguyen-Duc-Soat-hoc-tap-truong-thanh.png\",\"contentUrl\":\"https:\/\/haniff.vn\/en\/wp-content\/uploads\/2024\/11\/KVTT-1_12_1971-trung-doan-KQ-927-thanh-lap-trang-bi-may-bay-Mig21-noi-trung-tuong-Nguyen-Duc-Soat-hoc-tap-truong-thanh.png\",\"width\":1920,\"height\":1080,\"caption\":\"Kvtt 1 12 1971 Trung \u0111o\u00e0n Kq 927 Th\u00e0nh L\u1eadp, Trang B\u1ecb M\u00e1y Bay Mig21, N\u01a1i Trung T\u01b0\u1edbng Nguy\u1ec5n \u0110\u1ee9c So\u00e1t H\u1ecdc T\u1eadp, Tr\u01b0\u1edfng Th\u00e0nh\"},{\"@type\":\"WebPage\",\"@id\":\"https:\/\/haniff.vn\/en\/aspiration-to-the-sky\/#webpage\",\"url\":\"https:\/\/haniff.vn\/en\/aspiration-to-the-sky\/\",\"name\":\"Aspiration To The Sky - Li\u00ean hoan Phim qu\u00f4\u0301c t\u00ea\u0301 Ha\u0300 N\u00f4\u0323i\",\"isPartOf\":{\"@id\":\"https:\/\/haniff.vn\/en\/#website\"},\"primaryImageOfPage\":{\"@id\":\"https:\/\/haniff.vn\/en\/aspiration-to-the-sky\/#primaryimage\"},\"datePublished\":\"2024-11-04T03:57:49+00:00\",\"dateModified\":\"2024-11-04T03:57:49+00:00\",\"author\":{\"@id\":\"https:\/\/haniff.vn\/en\/#\/schema\/person\/1c68f9fbeaa11a679288294f295c9bc0\"},\"breadcrumb\":{\"@id\":\"https:\/\/haniff.vn\/en\/aspiration-to-the-sky\/#breadcrumb\"},\"inLanguage\":\"en-US\",\"potentialAction\":[{\"@type\":\"ReadAction\",\"target\":[\"https:\/\/haniff.vn\/en\/aspiration-to-the-sky\/\"]}]},{\"@type\":\"BreadcrumbList\",\"@id\":\"https:\/\/haniff.vn\/en\/aspiration-to-the-sky\/#breadcrumb\",\"itemListElement\":[{\"@type\":\"ListItem\",\"position\":1,\"name\":\"Home\",\"item\":\"https:\/\/haniff.vn\/en\/\"},{\"@type\":\"ListItem\",\"position\":2,\"name\":\"Panorama film program\",\"item\":\"https:\/\/haniff.vn\/en\/panorama-film-program\/\"},{\"@type\":\"ListItem\",\"position\":3,\"name\":\"Selection of Vietnamese contemporary films\",\"item\":\"https:\/\/haniff.vn\/en\/panorama-film-program\/selection-of-vietnamese-contemporary-films\/\"},{\"@type\":\"ListItem\",\"position\":4,\"name\":\"Aspiration To The Sky\"}]},{\"@type\":\"Person\",\"@id\":\"https:\/\/haniff.vn\/en\/#\/schema\/person\/1c68f9fbeaa11a679288294f295c9bc0\",\"name\":\"quanly\",\"image\":{\"@type\":\"ImageObject\",\"inLanguage\":\"en-US\",\"@id\":\"https:\/\/haniff.vn\/en\/#\/schema\/person\/image\/\",\"url\":\"https:\/\/secure.gravatar.com\/avatar\/577aaf893e61a6ed6ad67a8bfa7ed9f1?s=96&d=mm&r=g\",\"contentUrl\":\"https:\/\/secure.gravatar.com\/avatar\/577aaf893e61a6ed6ad67a8bfa7ed9f1?s=96&d=mm&r=g\",\"caption\":\"quanly\"}}]}<\/script>\n<!-- \/ Yoast SEO plugin. -->","yoast_head_json":{"title":"Aspiration To The Sky - Li\u00ean hoan Phim qu\u00f4\u0301c t\u00ea\u0301 Ha\u0300 N\u00f4\u0323i","robots":{"index":"index","follow":"follow","max-snippet":"max-snippet:-1","max-image-preview":"max-image-preview:large","max-video-preview":"max-video-preview:-1"},"canonical":"https:\/\/haniff.vn\/en\/aspiration-to-the-sky\/","og_locale":"en_US","og_type":"article","og_title":"Aspiration To The Sky - Li\u00ean hoan Phim qu\u00f4\u0301c t\u00ea\u0301 Ha\u0300 N\u00f4\u0323i","og_description":"Short Film\/Viet Nam\/ 28 min\/2022 Director: Nguy\u1ec5n Di\u1ec7u Hoa Screenwriter: B\u1ea1ch Ho\u00e0ng \u0110\u1ea1t, Nguy\u1ec5n Mai Anh Director of Photography: Ph\u1ea1m C\u00f4ng Tr\u00ecnh, B\u00f9i V\u0103n Tr\u01b0\u1eddng Nha\u0300 sa\u0309n xu\u1ea5t\/Production: People\u2019s Army Cinema Music Composer: Tr\u1ea7n T\u00f9ng Sound: \u0110\u00e0o Th\u1ecb H\u1eb1ng Film Editor: Ph\u1ea1m Qu\u1ef3nh Anh\/ Pham Quynh Anh Synopsis: The aspiration for peace and the desire...","og_url":"https:\/\/haniff.vn\/en\/aspiration-to-the-sky\/","og_site_name":"Li\u00ean hoan Phim qu\u00f4\u0301c t\u00ea\u0301 Ha\u0300 N\u00f4\u0323i","article_published_time":"2024-11-04T03:57:49+00:00","twitter_card":"summary_large_image","twitter_image":"https:\/\/haniff.vn\/en\/wp-content\/uploads\/2024\/11\/KVTT-1_12_1971-trung-doan-KQ-927-thanh-lap-trang-bi-may-bay-Mig21-noi-trung-tuong-Nguyen-Duc-Soat-hoc-tap-truong-thanh.png","twitter_misc":{"Written by":"quanly","Est. reading time":"1 minute"},"schema":{"@context":"https:\/\/schema.org","@graph":[{"@type":"WebSite","@id":"https:\/\/haniff.vn\/en\/#website","url":"https:\/\/haniff.vn\/en\/","name":"Li\u00ean hoan Phim qu\u00f4\u0301c t\u00ea\u0301 Ha\u0300 N\u00f4\u0323i","description":"","potentialAction":[{"@type":"SearchAction","target":{"@type":"EntryPoint","urlTemplate":"https:\/\/haniff.vn\/en\/?s={search_term_string}"},"query-input":"required name=search_term_string"}],"inLanguage":"en-US"},{"@type":"ImageObject","inLanguage":"en-US","@id":"https:\/\/haniff.vn\/en\/aspiration-to-the-sky\/#primaryimage","url":"https:\/\/haniff.vn\/en\/wp-content\/uploads\/2024\/11\/KVTT-1_12_1971-trung-doan-KQ-927-thanh-lap-trang-bi-may-bay-Mig21-noi-trung-tuong-Nguyen-Duc-Soat-hoc-tap-truong-thanh.png","contentUrl":"https:\/\/haniff.vn\/en\/wp-content\/uploads\/2024\/11\/KVTT-1_12_1971-trung-doan-KQ-927-thanh-lap-trang-bi-may-bay-Mig21-noi-trung-tuong-Nguyen-Duc-Soat-hoc-tap-truong-thanh.png","width":1920,"height":1080,"caption":"Kvtt 1 12 1971 Trung \u0111o\u00e0n Kq 927 Th\u00e0nh L\u1eadp, Trang B\u1ecb M\u00e1y Bay Mig21, N\u01a1i Trung T\u01b0\u1edbng Nguy\u1ec5n \u0110\u1ee9c So\u00e1t H\u1ecdc T\u1eadp, Tr\u01b0\u1edfng Th\u00e0nh"},{"@type":"WebPage","@id":"https:\/\/haniff.vn\/en\/aspiration-to-the-sky\/#webpage","url":"https:\/\/haniff.vn\/en\/aspiration-to-the-sky\/","name":"Aspiration To The Sky - Li\u00ean hoan Phim qu\u00f4\u0301c t\u00ea\u0301 Ha\u0300 N\u00f4\u0323i","isPartOf":{"@id":"https:\/\/haniff.vn\/en\/#website"},"primaryImageOfPage":{"@id":"https:\/\/haniff.vn\/en\/aspiration-to-the-sky\/#primaryimage"},"datePublished":"2024-11-04T03:57:49+00:00","dateModified":"2024-11-04T03:57:49+00:00","author":{"@id":"https:\/\/haniff.vn\/en\/#\/schema\/person\/1c68f9fbeaa11a679288294f295c9bc0"},"breadcrumb":{"@id":"https:\/\/haniff.vn\/en\/aspiration-to-the-sky\/#breadcrumb"},"inLanguage":"en-US","potentialAction":[{"@type":"ReadAction","target":["https:\/\/haniff.vn\/en\/aspiration-to-the-sky\/"]}]},{"@type":"BreadcrumbList","@id":"https:\/\/haniff.vn\/en\/aspiration-to-the-sky\/#breadcrumb","itemListElement":[{"@type":"ListItem","position":1,"name":"Home","item":"https:\/\/haniff.vn\/en\/"},{"@type":"ListItem","position":2,"name":"Panorama film program","item":"https:\/\/haniff.vn\/en\/panorama-film-program\/"},{"@type":"ListItem","position":3,"name":"Selection of Vietnamese contemporary films","item":"https:\/\/haniff.vn\/en\/panorama-film-program\/selection-of-vietnamese-contemporary-films\/"},{"@type":"ListItem","position":4,"name":"Aspiration To The Sky"}]},{"@type":"Person","@id":"https:\/\/haniff.vn\/en\/#\/schema\/person\/1c68f9fbeaa11a679288294f295c9bc0","name":"quanly","image":{"@type":"ImageObject","inLanguage":"en-US","@id":"https:\/\/haniff.vn\/en\/#\/schema\/person\/image\/","url":"https:\/\/secure.gravatar.com\/avatar\/577aaf893e61a6ed6ad67a8bfa7ed9f1?s=96&d=mm&r=g","contentUrl":"https:\/\/secure.gravatar.com\/avatar\/577aaf893e61a6ed6ad67a8bfa7ed9f1?s=96&d=mm&r=g","caption":"quanly"}}]}},"_links":{"self":[{"href":"https:\/\/haniff.vn\/en\/wp-json\/wp\/v2\/posts\/1472"}],"collection":[{"href":"https:\/\/haniff.vn\/en\/wp-json\/wp\/v2\/posts"}],"about":[{"href":"https:\/\/haniff.vn\/en\/wp-json\/wp\/v2\/types\/post"}],"author":[{"embeddable":true,"href":"https:\/\/haniff.vn\/en\/wp-json\/wp\/v2\/users\/3"}],"replies":[{"embeddable":true,"href":"https:\/\/haniff.vn\/en\/wp-json\/wp\/v2\/comments?post=1472"}],"version-history":[{"count":1,"href":"https:\/\/haniff.vn\/en\/wp-json\/wp\/v2\/posts\/1472\/revisions"}],"predecessor-version":[{"id":1475,"href":"https:\/\/haniff.vn\/en\/wp-json\/wp\/v2\/posts\/1472\/revisions\/1475"}],"wp:featuredmedia":[{"embeddable":true,"href":"https:\/\/haniff.vn\/en\/wp-json\/wp\/v2\/media\/1474"}],"wp:attachment":[{"href":"https:\/\/haniff.vn\/en\/wp-json\/wp\/v2\/media?parent=1472"}],"wp:term":[{"taxonomy":"category","embeddable":true,"href":"https:\/\/haniff.vn\/en\/wp-json\/wp\/v2\/categories?post=1472"},{"taxonomy":"post_tag","embeddable":true,"href":"https:\/\/haniff.vn\/en\/wp-json\/wp\/v2\/tags?post=1472"}],"curies":[{"name":"wp","href":"https:\/\/api.w.org\/{rel}","templated":true}]}}